{"id":117,"date":"2026-01-22T17:00:21","date_gmt":"2026-01-22T22:00:21","guid":{"rendered":"https:\/\/federacionfesoc.org\/?p=117"},"modified":"2026-01-23T04:23:55","modified_gmt":"2026-01-23T09:23:55","slug":"noticia-1","status":"publish","type":"post","link":"https:\/\/federacionfesoc.org\/index.php\/2026\/01\/22\/noticia-1\/","title":{"rendered":"Acuerdos"},"content":{"rendered":"\t\t<div data-elementor-type=\"wp-post\" data-elementor-id=\"117\" class=\"elementor elementor-117\" data-elementor-post-type=\"post\">\n\t\t\t\t<div class=\"elementor-element elementor-element-7d1c681 e-flex e-con-boxed e-con e-parent\" data-id=\"7d1c681\" data-element_type=\"container\" data-e-type=\"container\">\n\t\t\t\t\t<div class=\"e-con-inner\">\n\t\t\t\t<div class=\"elementor-element elementor-element-92f6dcd elementor-widget elementor-widget-image\" data-id=\"92f6dcd\" data-element_type=\"widget\" data-e-type=\"widget\" data-widget_type=\"image.default\">\n\t\t\t\t\t\t\t\t\t\t\t\t\t\t\t<img fetchpriority=\"high\" decoding=\"async\" width=\"800\" height=\"703\" src=\"https:\/\/federacionfesoc.org\/wp-content\/uploads\/2026\/01\/1733465969WhatsApp-Image-2024-12-06-at-1.08.06-AM.jpeg\" class=\"attachment-large size-large wp-image-398\" alt=\"\" srcset=\"https:\/\/federacionfesoc.org\/wp-content\/uploads\/2026\/01\/1733465969WhatsApp-Image-2024-12-06-at-1.08.06-AM.jpeg 877w, https:\/\/federacionfesoc.org\/wp-content\/uploads\/2026\/01\/1733465969WhatsApp-Image-2024-12-06-at-1.08.06-AM-300x264.jpeg 300w, https:\/\/federacionfesoc.org\/wp-content\/uploads\/2026\/01\/1733465969WhatsApp-Image-2024-12-06-at-1.08.06-AM-768x675.jpeg 768w\" sizes=\"(max-width: 800px) 100vw, 800px\" \/>\t\t\t\t\t\t\t\t\t\t\t\t\t\t\t<\/div>\n\t\t\t\t<div class=\"elementor-element elementor-element-a28d467 elementor-widget elementor-widget-text-editor\" data-id=\"a28d467\" data-element_type=\"widget\" data-e-type=\"widget\" data-widget_type=\"text-editor.default\">\n\t\t\t\t\t\t\t\t\t<p>En el mes de octubre, la presidenta de la Federaci\u00f3n sostuvo una importante reuni\u00f3n con el se\u00f1or Tulio G\u00f3mez, due\u00f1o del Deportivo Am\u00e9rica y los Supermercados Monta\u00f1itas, con el objetivo de discutir posibles acuerdos.<br \/><br \/>Durante el encuentro, que se llev\u00f3 a cabo en un ambiente de cordialidad y colaboraci\u00f3n, se analizaron diversas propuestas que apuntan a fortalecer la relaci\u00f3n entre ambas entidades. La presidenta expres\u00f3 su entusiasmo por la posibilidad de alcanzar acuerdos que permitan el desarrollo de iniciativas conjuntas que impacten positivamente en la comunidad<\/p>\t\t\t\t\t\t\t\t<\/div>\n\t\t\t\t\t<\/div>\n\t\t\t\t<\/div>\n\t\t\t\t<\/div>\n\t\t","protected":false},"excerpt":{"rendered":"<p>En el mes de octubre, la presidenta de la Federaci\u00f3n sostuvo una importante reuni\u00f3n con el se\u00f1or Tulio G\u00f3mez, due\u00f1o del Deportivo Am\u00e9rica y los Supermercados Monta\u00f1itas, con el objetivo de discutir posibles acuerdos. Durante el encuentro, que se llev\u00f3 a cabo en un ambiente de cordialidad y colaboraci\u00f3n, se analizaron diversas propuestas que apuntan [&hellip;]<\/p>\n","protected":false},"author":1,"featured_media":398,"comment_status":"closed","ping_status":"open","sticky":false,"template":"","format":"standard","meta":{"footnotes":""},"categories":[1],"tags":[],"class_list":["post-117","post","type-post","status-publish","format-standard","has-post-thumbnail","hentry","category-sin-categoria"],"_links":{"self":[{"href":"https:\/\/federacionfesoc.org\/index.php\/wp-json\/wp\/v2\/posts\/117","targetHints":{"allow":["GET"]}}],"collection":[{"href":"https:\/\/federacionfesoc.org\/index.php\/wp-json\/wp\/v2\/posts"}],"about":[{"href":"https:\/\/federacionfesoc.org\/index.php\/wp-json\/wp\/v2\/types\/post"}],"author":[{"embeddable":true,"href":"https:\/\/federacionfesoc.org\/index.php\/wp-json\/wp\/v2\/users\/1"}],"replies":[{"embeddable":true,"href":"https:\/\/federacionfesoc.org\/index.php\/wp-json\/wp\/v2\/comments?post=117"}],"version-history":[{"count":24,"href":"https:\/\/federacionfesoc.org\/index.php\/wp-json\/wp\/v2\/posts\/117\/revisions"}],"predecessor-version":[{"id":411,"href":"https:\/\/federacionfesoc.org\/index.php\/wp-json\/wp\/v2\/posts\/117\/revisions\/411"}],"wp:featuredmedia":[{"embeddable":true,"href":"https:\/\/federacionfesoc.org\/index.php\/wp-json\/wp\/v2\/media\/398"}],"wp:attachment":[{"href":"https:\/\/federacionfesoc.org\/index.php\/wp-json\/wp\/v2\/media?parent=117"}],"wp:term":[{"taxonomy":"category","embeddable":true,"href":"https:\/\/federacionfesoc.org\/index.php\/wp-json\/wp\/v2\/categories?post=117"},{"taxonomy":"post_tag","embeddable":true,"href":"https:\/\/federacionfesoc.org\/index.php\/wp-json\/wp\/v2\/tags?post=117"}],"curies":[{"name":"wp","href":"https:\/\/api.w.org\/{rel}","templated":true}]}}